{"id":15396,"date":"2026-01-28T17:56:30","date_gmt":"2026-01-28T17:56:30","guid":{"rendered":"https:\/\/ficam.cat\/2026\/01\/28\/temps-de-flors-2025\/"},"modified":"2026-01-28T17:56:30","modified_gmt":"2026-01-28T17:56:30","slug":"temps-de-flors-2025","status":"publish","type":"post","link":"https:\/\/ficam.cat\/fr\/2026\/01\/28\/temps-de-flors-2025\/","title":{"rendered":"Temps de Flors 2025"},"content":{"rendered":"","protected":false},"excerpt":{"rendered":"<p>Pendant neuf jours, les fleurs et les plantes sont \u00e0 l\u2019honneur \u00e0 G\u00e9rone avec le \u00ab Temps de flors \u00bb. Les lieux embl\u00e9matiques de la ville sont orn\u00e9s de spectaculaires d\u00e9corations florales.<br \/> Les patios, les petites places, les ponts,\u2026 tous ces endroits arborent une couleur et un parfum diff\u00e9rents, faisant de la visite une autre fa\u00e7on de voir la ville ou de la d\u00e9couvrir. Du samedi 10 mai au dimanche 18 mai, nous vous invitons \u00e0 d\u00e9couvrir les projets floraux qui ornent Girona et aussi Palau Fugit !   <\/p>\n","protected":false},"author":1,"featured_media":15395,"comment_status":"closed","ping_status":"closed","sticky":false,"template":"","format":"standard","meta":{"_acf_changed":false,"inline_featured_image":false,"footnotes":""},"categories":[52,48],"tags":[],"class_list":["post-15396","post","type-post","status-publish","format-standard","has-post-thumbnail","hentry","category-activites-de-plein-air","category-arts-et-culture"],"acf":[],"yoast_head":"<!-- This site is optimized with the Yoast SEO plugin v27.4 - https:\/\/yoast.com\/product\/yoast-seo-wordpress\/ -->\n<title>Temps de Flors 2025 - Palau Fugit<\/title>\n<meta name=\"description\" content=\"Pendant neuf jours, les fleurs et les plantes sont \u00e0 l\u2019honneur \u00e0 G\u00e9rone avec le \u00ab Temps de flors \u00bb. Les lieux embl\u00e9matiques de la ville sont orn\u00e9s de spectaculaires d\u00e9corations florales. Les patios, les petites places, les ponts,\u2026 tous ces endroits arborent une couleur et un parfum diff\u00e9rents, faisant de la visite une autre fa\u00e7on de voir la ville ou de la d\u00e9couvrir. Du samedi 10 mai au dimanche 18 mai, nous vous invitons \u00e0 d\u00e9couvrir les projets floraux qui ornent Girona et aussi Palau Fugit !\" \/>\n<meta name=\"robots\" content=\"noindex, follow, max-snippet:-1, max-image-preview:large, max-video-preview:-1\" \/>\n<meta property=\"og:locale\" content=\"fr_FR\" \/>\n<meta property=\"og:type\" content=\"article\" \/>\n<meta property=\"og:title\" content=\"Temps de Flors 2025 - Palau Fugit\" \/>\n<meta property=\"og:description\" content=\"Pendant neuf jours, les fleurs et les plantes sont \u00e0 l\u2019honneur \u00e0 G\u00e9rone avec le \u00ab Temps de flors \u00bb. Les lieux embl\u00e9matiques de la ville sont orn\u00e9s de spectaculaires d\u00e9corations florales. Les patios, les petites places, les ponts,\u2026 tous ces endroits arborent une couleur et un parfum diff\u00e9rents, faisant de la visite une autre fa\u00e7on de voir la ville ou de la d\u00e9couvrir. Du samedi 10 mai au dimanche 18 mai, nous vous invitons \u00e0 d\u00e9couvrir les projets floraux qui ornent Girona et aussi Palau Fugit !\" \/>\n<meta property=\"og:url\" content=\"https:\/\/ficam.cat\/fr\/2026\/01\/28\/temps-de-flors-2025\/\" \/>\n<meta property=\"og:site_name\" content=\"Palau Fugit\" \/>\n<meta property=\"article:published_time\" content=\"2026-01-28T17:56:30+00:00\" \/>\n<meta property=\"og:image\" content=\"https:\/\/ficam.cat\/wp-content\/uploads\/2026\/01\/img-blog-widget-01.jpg\" \/>\n\t<meta property=\"og:image:width\" content=\"443\" \/>\n\t<meta property=\"og:image:height\" content=\"285\" \/>\n\t<meta property=\"og:image:type\" content=\"image\/jpeg\" \/>\n<meta name=\"author\" content=\"Albert Torr\u00f3 Vilert\" \/>\n<meta name=\"twitter:card\" content=\"summary_large_image\" \/>\n<meta name=\"twitter:label1\" content=\"\u00c9crit par\" \/>\n\t<meta name=\"twitter:data1\" content=\"Albert Torr\u00f3 Vilert\" \/>\n<script type=\"application\/ld+json\" class=\"yoast-schema-graph\">{\"@context\":\"https:\\\/\\\/schema.org\",\"@graph\":[{\"@type\":\"Article\",\"@id\":\"https:\\\/\\\/ficam.cat\\\/fr\\\/2026\\\/01\\\/28\\\/temps-de-flors-2025\\\/#article\",\"isPartOf\":{\"@id\":\"https:\\\/\\\/ficam.cat\\\/fr\\\/2026\\\/01\\\/28\\\/temps-de-flors-2025\\\/\"},\"author\":{\"name\":\"Albert Torr\u00f3 Vilert\",\"@id\":\"https:\\\/\\\/ficam.cat\\\/fr\\\/#\\\/schema\\\/person\\\/62ac5c1d7177dc3650ce61f12676526a\"},\"headline\":\"Temps de Flors 2025\",\"datePublished\":\"2026-01-28T17:56:30+00:00\",\"mainEntityOfPage\":{\"@id\":\"https:\\\/\\\/ficam.cat\\\/fr\\\/2026\\\/01\\\/28\\\/temps-de-flors-2025\\\/\"},\"wordCount\":3,\"publisher\":{\"@id\":\"https:\\\/\\\/ficam.cat\\\/fr\\\/#organization\"},\"image\":{\"@id\":\"https:\\\/\\\/ficam.cat\\\/fr\\\/2026\\\/01\\\/28\\\/temps-de-flors-2025\\\/#primaryimage\"},\"thumbnailUrl\":\"https:\\\/\\\/ficam.cat\\\/wp-content\\\/uploads\\\/2026\\\/01\\\/img-blog-widget-01.jpg\",\"articleSection\":[\"Activit\u00e9s de plein air\",\"Arts et culture\"],\"inLanguage\":\"fr-FR\"},{\"@type\":\"WebPage\",\"@id\":\"https:\\\/\\\/ficam.cat\\\/fr\\\/2026\\\/01\\\/28\\\/temps-de-flors-2025\\\/\",\"url\":\"https:\\\/\\\/ficam.cat\\\/fr\\\/2026\\\/01\\\/28\\\/temps-de-flors-2025\\\/\",\"name\":\"Temps de Flors 2025 - Palau Fugit\",\"isPartOf\":{\"@id\":\"https:\\\/\\\/ficam.cat\\\/fr\\\/#website\"},\"primaryImageOfPage\":{\"@id\":\"https:\\\/\\\/ficam.cat\\\/fr\\\/2026\\\/01\\\/28\\\/temps-de-flors-2025\\\/#primaryimage\"},\"image\":{\"@id\":\"https:\\\/\\\/ficam.cat\\\/fr\\\/2026\\\/01\\\/28\\\/temps-de-flors-2025\\\/#primaryimage\"},\"thumbnailUrl\":\"https:\\\/\\\/ficam.cat\\\/wp-content\\\/uploads\\\/2026\\\/01\\\/img-blog-widget-01.jpg\",\"datePublished\":\"2026-01-28T17:56:30+00:00\",\"description\":\"Pendant neuf jours, les fleurs et les plantes sont \u00e0 l\u2019honneur \u00e0 G\u00e9rone avec le \u00ab Temps de flors \u00bb. Les lieux embl\u00e9matiques de la ville sont orn\u00e9s de spectaculaires d\u00e9corations florales. Les patios, les petites places, les ponts,\u2026 tous ces endroits arborent une couleur et un parfum diff\u00e9rents, faisant de la visite une autre fa\u00e7on de voir la ville ou de la d\u00e9couvrir. Du samedi 10 mai au dimanche 18 mai, nous vous invitons \u00e0 d\u00e9couvrir les projets floraux qui ornent Girona et aussi Palau Fugit !\",\"breadcrumb\":{\"@id\":\"https:\\\/\\\/ficam.cat\\\/fr\\\/2026\\\/01\\\/28\\\/temps-de-flors-2025\\\/#breadcrumb\"},\"inLanguage\":\"fr-FR\",\"potentialAction\":[{\"@type\":\"ReadAction\",\"target\":[\"https:\\\/\\\/ficam.cat\\\/fr\\\/2026\\\/01\\\/28\\\/temps-de-flors-2025\\\/\"]}]},{\"@type\":\"ImageObject\",\"inLanguage\":\"fr-FR\",\"@id\":\"https:\\\/\\\/ficam.cat\\\/fr\\\/2026\\\/01\\\/28\\\/temps-de-flors-2025\\\/#primaryimage\",\"url\":\"https:\\\/\\\/ficam.cat\\\/wp-content\\\/uploads\\\/2026\\\/01\\\/img-blog-widget-01.jpg\",\"contentUrl\":\"https:\\\/\\\/ficam.cat\\\/wp-content\\\/uploads\\\/2026\\\/01\\\/img-blog-widget-01.jpg\",\"width\":443,\"height\":285},{\"@type\":\"BreadcrumbList\",\"@id\":\"https:\\\/\\\/ficam.cat\\\/fr\\\/2026\\\/01\\\/28\\\/temps-de-flors-2025\\\/#breadcrumb\",\"itemListElement\":[{\"@type\":\"ListItem\",\"position\":1,\"name\":\"Inici\",\"item\":\"https:\\\/\\\/ficam.cat\\\/fr\\\/accueil\\\/\"},{\"@type\":\"ListItem\",\"position\":2,\"name\":\"Temps de Flors 2025\"}]},{\"@type\":\"WebSite\",\"@id\":\"https:\\\/\\\/ficam.cat\\\/fr\\\/#website\",\"url\":\"https:\\\/\\\/ficam.cat\\\/fr\\\/\",\"name\":\"Palau Fugit\",\"description\":\"Hotel Boutique en Girona\",\"publisher\":{\"@id\":\"https:\\\/\\\/ficam.cat\\\/fr\\\/#organization\"},\"potentialAction\":[{\"@type\":\"SearchAction\",\"target\":{\"@type\":\"EntryPoint\",\"urlTemplate\":\"https:\\\/\\\/ficam.cat\\\/fr\\\/?s={search_term_string}\"},\"query-input\":{\"@type\":\"PropertyValueSpecification\",\"valueRequired\":true,\"valueName\":\"search_term_string\"}}],\"inLanguage\":\"fr-FR\"},{\"@type\":\"Organization\",\"@id\":\"https:\\\/\\\/ficam.cat\\\/fr\\\/#organization\",\"name\":\"Palau Fugit\",\"url\":\"https:\\\/\\\/ficam.cat\\\/fr\\\/\",\"logo\":{\"@type\":\"ImageObject\",\"inLanguage\":\"fr-FR\",\"@id\":\"https:\\\/\\\/ficam.cat\\\/fr\\\/#\\\/schema\\\/logo\\\/image\\\/\",\"url\":\"https:\\\/\\\/ficam.cat\\\/wp-content\\\/uploads\\\/2026\\\/02\\\/cropped-favicon_palaufugit-favicon.png\",\"contentUrl\":\"https:\\\/\\\/ficam.cat\\\/wp-content\\\/uploads\\\/2026\\\/02\\\/cropped-favicon_palaufugit-favicon.png\",\"width\":512,\"height\":512,\"caption\":\"Palau Fugit\"},\"image\":{\"@id\":\"https:\\\/\\\/ficam.cat\\\/fr\\\/#\\\/schema\\\/logo\\\/image\\\/\"},\"sameAs\":[\"https:\\\/\\\/www.instagram.com\\\/palaufugitgirona\\\/\"]},{\"@type\":\"Person\",\"@id\":\"https:\\\/\\\/ficam.cat\\\/fr\\\/#\\\/schema\\\/person\\\/62ac5c1d7177dc3650ce61f12676526a\",\"name\":\"Albert Torr\u00f3 Vilert\",\"sameAs\":[\"http:\\\/\\\/ficam.cat\"],\"url\":\"https:\\\/\\\/ficam.cat\\\/fr\\\/author\\\/jordi\\\/\"}]}<\/script>\n<!-- \/ Yoast SEO plugin. -->","yoast_head_json":{"title":"Temps de Flors 2025 - Palau Fugit","description":"Pendant neuf jours, les fleurs et les plantes sont \u00e0 l\u2019honneur \u00e0 G\u00e9rone avec le \u00ab Temps de flors \u00bb. Les lieux embl\u00e9matiques de la ville sont orn\u00e9s de spectaculaires d\u00e9corations florales. Les patios, les petites places, les ponts,\u2026 tous ces endroits arborent une couleur et un parfum diff\u00e9rents, faisant de la visite une autre fa\u00e7on de voir la ville ou de la d\u00e9couvrir. Du samedi 10 mai au dimanche 18 mai, nous vous invitons \u00e0 d\u00e9couvrir les projets floraux qui ornent Girona et aussi Palau Fugit !","robots":{"index":"noindex","follow":"follow","max-snippet":"max-snippet:-1","max-image-preview":"max-image-preview:large","max-video-preview":"max-video-preview:-1"},"og_locale":"fr_FR","og_type":"article","og_title":"Temps de Flors 2025 - Palau Fugit","og_description":"Pendant neuf jours, les fleurs et les plantes sont \u00e0 l\u2019honneur \u00e0 G\u00e9rone avec le \u00ab Temps de flors \u00bb. Les lieux embl\u00e9matiques de la ville sont orn\u00e9s de spectaculaires d\u00e9corations florales. Les patios, les petites places, les ponts,\u2026 tous ces endroits arborent une couleur et un parfum diff\u00e9rents, faisant de la visite une autre fa\u00e7on de voir la ville ou de la d\u00e9couvrir. Du samedi 10 mai au dimanche 18 mai, nous vous invitons \u00e0 d\u00e9couvrir les projets floraux qui ornent Girona et aussi Palau Fugit !","og_url":"https:\/\/ficam.cat\/fr\/2026\/01\/28\/temps-de-flors-2025\/","og_site_name":"Palau Fugit","article_published_time":"2026-01-28T17:56:30+00:00","og_image":[{"width":443,"height":285,"url":"https:\/\/ficam.cat\/wp-content\/uploads\/2026\/01\/img-blog-widget-01.jpg","type":"image\/jpeg"}],"author":"Albert Torr\u00f3 Vilert","twitter_card":"summary_large_image","twitter_misc":{"\u00c9crit par":"Albert Torr\u00f3 Vilert"},"schema":{"@context":"https:\/\/schema.org","@graph":[{"@type":"Article","@id":"https:\/\/ficam.cat\/fr\/2026\/01\/28\/temps-de-flors-2025\/#article","isPartOf":{"@id":"https:\/\/ficam.cat\/fr\/2026\/01\/28\/temps-de-flors-2025\/"},"author":{"name":"Albert Torr\u00f3 Vilert","@id":"https:\/\/ficam.cat\/fr\/#\/schema\/person\/62ac5c1d7177dc3650ce61f12676526a"},"headline":"Temps de Flors 2025","datePublished":"2026-01-28T17:56:30+00:00","mainEntityOfPage":{"@id":"https:\/\/ficam.cat\/fr\/2026\/01\/28\/temps-de-flors-2025\/"},"wordCount":3,"publisher":{"@id":"https:\/\/ficam.cat\/fr\/#organization"},"image":{"@id":"https:\/\/ficam.cat\/fr\/2026\/01\/28\/temps-de-flors-2025\/#primaryimage"},"thumbnailUrl":"https:\/\/ficam.cat\/wp-content\/uploads\/2026\/01\/img-blog-widget-01.jpg","articleSection":["Activit\u00e9s de plein air","Arts et culture"],"inLanguage":"fr-FR"},{"@type":"WebPage","@id":"https:\/\/ficam.cat\/fr\/2026\/01\/28\/temps-de-flors-2025\/","url":"https:\/\/ficam.cat\/fr\/2026\/01\/28\/temps-de-flors-2025\/","name":"Temps de Flors 2025 - Palau Fugit","isPartOf":{"@id":"https:\/\/ficam.cat\/fr\/#website"},"primaryImageOfPage":{"@id":"https:\/\/ficam.cat\/fr\/2026\/01\/28\/temps-de-flors-2025\/#primaryimage"},"image":{"@id":"https:\/\/ficam.cat\/fr\/2026\/01\/28\/temps-de-flors-2025\/#primaryimage"},"thumbnailUrl":"https:\/\/ficam.cat\/wp-content\/uploads\/2026\/01\/img-blog-widget-01.jpg","datePublished":"2026-01-28T17:56:30+00:00","description":"Pendant neuf jours, les fleurs et les plantes sont \u00e0 l\u2019honneur \u00e0 G\u00e9rone avec le \u00ab Temps de flors \u00bb. Les lieux embl\u00e9matiques de la ville sont orn\u00e9s de spectaculaires d\u00e9corations florales. Les patios, les petites places, les ponts,\u2026 tous ces endroits arborent une couleur et un parfum diff\u00e9rents, faisant de la visite une autre fa\u00e7on de voir la ville ou de la d\u00e9couvrir. Du samedi 10 mai au dimanche 18 mai, nous vous invitons \u00e0 d\u00e9couvrir les projets floraux qui ornent Girona et aussi Palau Fugit !","breadcrumb":{"@id":"https:\/\/ficam.cat\/fr\/2026\/01\/28\/temps-de-flors-2025\/#breadcrumb"},"inLanguage":"fr-FR","potentialAction":[{"@type":"ReadAction","target":["https:\/\/ficam.cat\/fr\/2026\/01\/28\/temps-de-flors-2025\/"]}]},{"@type":"ImageObject","inLanguage":"fr-FR","@id":"https:\/\/ficam.cat\/fr\/2026\/01\/28\/temps-de-flors-2025\/#primaryimage","url":"https:\/\/ficam.cat\/wp-content\/uploads\/2026\/01\/img-blog-widget-01.jpg","contentUrl":"https:\/\/ficam.cat\/wp-content\/uploads\/2026\/01\/img-blog-widget-01.jpg","width":443,"height":285},{"@type":"BreadcrumbList","@id":"https:\/\/ficam.cat\/fr\/2026\/01\/28\/temps-de-flors-2025\/#breadcrumb","itemListElement":[{"@type":"ListItem","position":1,"name":"Inici","item":"https:\/\/ficam.cat\/fr\/accueil\/"},{"@type":"ListItem","position":2,"name":"Temps de Flors 2025"}]},{"@type":"WebSite","@id":"https:\/\/ficam.cat\/fr\/#website","url":"https:\/\/ficam.cat\/fr\/","name":"Palau Fugit","description":"Hotel Boutique en Girona","publisher":{"@id":"https:\/\/ficam.cat\/fr\/#organization"},"potentialAction":[{"@type":"SearchAction","target":{"@type":"EntryPoint","urlTemplate":"https:\/\/ficam.cat\/fr\/?s={search_term_string}"},"query-input":{"@type":"PropertyValueSpecification","valueRequired":true,"valueName":"search_term_string"}}],"inLanguage":"fr-FR"},{"@type":"Organization","@id":"https:\/\/ficam.cat\/fr\/#organization","name":"Palau Fugit","url":"https:\/\/ficam.cat\/fr\/","logo":{"@type":"ImageObject","inLanguage":"fr-FR","@id":"https:\/\/ficam.cat\/fr\/#\/schema\/logo\/image\/","url":"https:\/\/ficam.cat\/wp-content\/uploads\/2026\/02\/cropped-favicon_palaufugit-favicon.png","contentUrl":"https:\/\/ficam.cat\/wp-content\/uploads\/2026\/02\/cropped-favicon_palaufugit-favicon.png","width":512,"height":512,"caption":"Palau Fugit"},"image":{"@id":"https:\/\/ficam.cat\/fr\/#\/schema\/logo\/image\/"},"sameAs":["https:\/\/www.instagram.com\/palaufugitgirona\/"]},{"@type":"Person","@id":"https:\/\/ficam.cat\/fr\/#\/schema\/person\/62ac5c1d7177dc3650ce61f12676526a","name":"Albert Torr\u00f3 Vilert","sameAs":["http:\/\/ficam.cat"],"url":"https:\/\/ficam.cat\/fr\/author\/jordi\/"}]}},"_links":{"self":[{"href":"https:\/\/ficam.cat\/fr\/wp-json\/wp\/v2\/posts\/15396","targetHints":{"allow":["GET"]}}],"collection":[{"href":"https:\/\/ficam.cat\/fr\/wp-json\/wp\/v2\/posts"}],"about":[{"href":"https:\/\/ficam.cat\/fr\/wp-json\/wp\/v2\/types\/post"}],"author":[{"embeddable":true,"href":"https:\/\/ficam.cat\/fr\/wp-json\/wp\/v2\/users\/1"}],"replies":[{"embeddable":true,"href":"https:\/\/ficam.cat\/fr\/wp-json\/wp\/v2\/comments?post=15396"}],"version-history":[{"count":0,"href":"https:\/\/ficam.cat\/fr\/wp-json\/wp\/v2\/posts\/15396\/revisions"}],"wp:featuredmedia":[{"embeddable":true,"href":"https:\/\/ficam.cat\/fr\/wp-json\/wp\/v2\/media\/15395"}],"wp:attachment":[{"href":"https:\/\/ficam.cat\/fr\/wp-json\/wp\/v2\/media?parent=15396"}],"wp:term":[{"taxonomy":"category","embeddable":true,"href":"https:\/\/ficam.cat\/fr\/wp-json\/wp\/v2\/categories?post=15396"},{"taxonomy":"post_tag","embeddable":true,"href":"https:\/\/ficam.cat\/fr\/wp-json\/wp\/v2\/tags?post=15396"}],"curies":[{"name":"wp","href":"https:\/\/api.w.org\/{rel}","templated":true}]}}